[{"@context":"https:\/\/schema.org\/","@type":"Article","@id":"https:\/\/www.biboo.cz\/vitaminy-pro-nase-telo\/#Article","mainEntityOfPage":"https:\/\/www.biboo.cz\/vitaminy-pro-nase-telo\/","headline":"Vitam\u00edny pro na\u0161e t\u011blo","name":"Vitam\u00edny pro na\u0161e t\u011blo","description":"J\u00e1 si mysl\u00edm, \u017ee ka\u017ed\u00fd \u010dlov\u011bk v\u00ed, \u017ee kdy\u017e \u010dlov\u011bk st\u00e1rne a jednozna\u010dn\u011b mu p\u0159ib\u00fdvaj\u00ed sv\u00ed\u010dky na dortu, tak to potom znamen\u00e1, \u017ee i jeho zdrav\u00ed jde tak tro\u0161ku do kopru. Je logick\u00e9, \u017ee st\u00e1\u0159\u00edm nebudeme v\u00edce a v\u00edce zdrav\u011bj\u0161\u00ed. Tohle tedy rozhodn\u011b ne. I kdy\u017e p\u0159izn\u00e1v\u00e1m, \u017ee m\u011b osobn\u011b se tohle moc l\u00edbilo, ale [&hellip;]","datePublished":"2024-03-19","dateModified":"2024-03-19","author":{"@type":"Person","@id":"https:\/\/www.biboo.cz\/author\/#Person","name":"","url":"https:\/\/www.biboo.cz\/author\/","identifier":1,"image":{"@type":"ImageObject","@id":"https:\/\/secure.gravatar.com\/avatar\/383247cd769f7ac317a5bcda943ec48a3c79d996598ae4564ec21a0e178126d1?s=96&d=mm&r=g","url":"https:\/\/secure.gravatar.com\/avatar\/383247cd769f7ac317a5bcda943ec48a3c79d996598ae4564ec21a0e178126d1?s=96&d=mm&r=g","height":96,"width":96}},"publisher":{"@type":"Organization","name":"biboo.cz","logo":{"@type":"ImageObject","@id":"\/logo.png","url":"\/logo.png","width":600,"height":60}},"image":{"@type":"ImageObject","@id":"https:\/\/www.biboo.cz\/wp-content\/uploads\/woman-1869762_1280.jpg","url":"https:\/\/www.biboo.cz\/wp-content\/uploads\/woman-1869762_1280.jpg","height":0,"width":0},"url":"https:\/\/www.biboo.cz\/vitaminy-pro-nase-telo\/","about":["Produkty"],"wordCount":470,"articleBody":"   J\u00e1 si mysl\u00edm, \u017ee ka\u017ed\u00fd \u010dlov\u011bk v\u00ed, \u017ee kdy\u017e \u010dlov\u011bk st\u00e1rne a jednozna\u010dn\u011b mu p\u0159ib\u00fdvaj\u00ed sv\u00ed\u010dky na dortu, tak to potom znamen\u00e1, \u017ee i jeho zdrav\u00ed jde tak tro\u0161ku do kopru. Je logick\u00e9, \u017ee st\u00e1\u0159\u00edm nebudeme v\u00edce a v\u00edce zdrav\u011bj\u0161\u00ed. Tohle tedy rozhodn\u011b ne. I kdy\u017e p\u0159izn\u00e1v\u00e1m, \u017ee m\u011b osobn\u011b se tohle moc l\u00edbilo, ale bohu\u017eel to takhle nen\u00ed. Tak\u017ee jsem si \u0159ekla, \u017ee kdy\u017e u\u017e mi je \u0161estat\u0159icet let, \u017ee by tak\u00e9 cht\u011blo n\u011bco se sebou d\u011blat. J\u00e1 tedy celo\u017eivotn\u011b u\u017e\u00edv\u00e1m vitam\u00edn B a C a tak\u00e9 v\u00e1pn\u00edk a tak\u00e9 zinek, ob\u010das tak\u00e9 magnesium. Kdy\u017e m\u00e1m k\u0159e\u010de, proto\u017ee m\u00e1m v t\u011ble nedostatek magn\u00e9zia. Akor\u00e1t m\u011b hodn\u011b mrz\u00ed, \u017ee jsem neza\u010dala d\u0159\u00edve u\u017e\u00edvat kolagen. Collagen https:\/\/www.orcacollagen.cz\/jak-funguje-kolagen\/ se\u017eenete nap\u0159\u00edklad na webov\u00e9 str\u00e1nce orcacollagen.cz, kde se tak\u00e9 dozv\u00edte mimo to, jak\u00fd kolagen pro v\u00e1s bude nejv\u00edce vhodn\u00fd a tak\u00e9 to, jak kolagen vlastn\u011b funguje. St\u00e1le mnoho lid\u00ed t\u0159eba v\u016fbec nev\u00ed, jak funguje kolagen anebo na co vlastn\u011b kolagen v na\u0161em t\u011ble je. Kolagen je na to, abychom m\u011bli zdrav\u00e9 vlasy a nehty, a tak\u00e9 aby na\u0161e k\u016f\u017ee a ple\u0165 byla celkov\u011b pru\u017en\u00e1 a jasn\u00e1 a nebyla za\u0161edl\u00e1 a povadl\u00e1. Jenom\u017ee mnoho lid\u00ed si st\u00e1le mysl\u00ed, \u017ee tohle v\u016fbec nepot\u0159ebuj\u00ed. \u017de t\u0159eba kolagen mohou br\u00e1t asi a\u017e tak v pades\u00e1ti letech, ale tohle nen\u00ed v\u016fbec \u017e\u00e1dn\u00e1 pravda. Kolagen by se m\u011bl pr\u00fd u\u017e\u00edvat u\u017e v p\u011btadvaceti letech. Ano, u\u017e od p\u011btadvac\u00e1t\u00e9ho roku na\u0161e t\u011blo st\u00e1rne a n\u00e1\u0161 kolagen se v t\u011ble \u010d\u00edm d\u00e1l m\u00e9n\u011b a m\u00e9n\u011b vyr\u00e1b\u00ed. A to potom znamen\u00e1 to, \u017ee se n\u00e1m budou l\u00e1mat nehty, budeme m\u00edt t\u0159epiv\u00e9 vlasy a na\u0161e k\u016f\u017ee nebude tak pru\u017en\u00e1. A kdy\u017e k\u016f\u017ee nen\u00ed pru\u017en\u00e1, tak to znamen\u00e1, \u017ee se n\u00e1m budou d\u011blat vr\u00e1sky a mysl\u00edm si, \u017ee tohle absolutn\u011b nikdo nechce. Kdo by cht\u011bl m\u00edt vr\u00e1sky? J\u00e1 v\u00edm, \u017ee \u0159\u00edk\u00e1 se, \u017ee st\u00e1rnout se m\u00e1 s gr\u00e1ci\u00ed a \u017ee vr\u00e1sky od sm\u00edchu jsou sexy. Pro m\u011b tohle neplat\u00ed. M\u011b neplat\u00ed ani jedno tvrzen\u00ed, nechci v\u016fbec st\u00e1rnout s gr\u00e1ci\u00ed, j\u00e1 chci st\u00e1rnout tak, \u017ee budu u\u017e\u00edvat kolagen a tak\u00e9 sem tam t\u0159eba p\u016fjdu na n\u011bjak\u00fd kr\u00e1sn\u00fd kosmetick\u00fd plastick\u00fd z\u00e1krok. J\u00e1 proti tomuhle v\u016fbec nic nem\u00e1m.                                                                                                                                                                                                                                                                                                                                                                                           4.3\/5 - (3 votes)        "},{"@context":"https:\/\/schema.org\/","@type":"BreadcrumbList","itemListElement":[{"@type":"ListItem","position":1,"name":"Vitam\u00edny pro na\u0161e t\u011blo","item":"https:\/\/www.biboo.cz\/vitaminy-pro-nase-telo\/#breadcrumbitem"}]}]