[{"@context":"https:\/\/schema.org\/","@type":"Article","@id":"https:\/\/www.biboo.cz\/nuda-doma-i-v-zamestnani\/#Article","mainEntityOfPage":"https:\/\/www.biboo.cz\/nuda-doma-i-v-zamestnani\/","headline":"Nuda doma i v zam\u011bstn\u00e1n\u00ed?","name":"Nuda doma i v zam\u011bstn\u00e1n\u00ed?","description":"D\u00edv\u00e1te se na sv\u011bt p\u0159es negativn\u00ed br\u00fdle? Chyb\u00ed v\u00e1m inspirace, jak zm\u011bnit sv\u016fj \u017eivot k lep\u0161\u00edmu a b\u00fdt v\u00edc \u00fasp\u011b\u0161n\u00fd? Negativn\u00ed my\u0161len\u00ed pohlt\u00ed nejen v\u00e1\u0161 mozek, ale i cel\u00e9 t\u011blo, a potom v\u011b\u0159\u00edte v\u0161emu, co jste si do sv\u00e9ho vnitra podsunuli. \u017divot se s\u00e1m od sebe k lep\u0161\u00edmu nezm\u011bn\u00ed, kdy\u017e nebudete cht\u00edt. Hledejte ka\u017ed\u00fd den [&hellip;]","datePublished":"2025-08-30","dateModified":"2025-08-30","author":{"@type":"Person","@id":"https:\/\/www.biboo.cz\/author\/#Person","name":"","url":"https:\/\/www.biboo.cz\/author\/","identifier":1,"image":{"@type":"ImageObject","@id":"https:\/\/secure.gravatar.com\/avatar\/383247cd769f7ac317a5bcda943ec48a3c79d996598ae4564ec21a0e178126d1?s=96&d=mm&r=g","url":"https:\/\/secure.gravatar.com\/avatar\/383247cd769f7ac317a5bcda943ec48a3c79d996598ae4564ec21a0e178126d1?s=96&d=mm&r=g","height":96,"width":96}},"publisher":{"@type":"Organization","name":"biboo.cz","logo":{"@type":"ImageObject","@id":"\/logo.png","url":"\/logo.png","width":600,"height":60}},"url":"https:\/\/www.biboo.cz\/nuda-doma-i-v-zamestnani\/","wordCount":247,"articleBody":"D\u00edv\u00e1te se na sv\u011bt p\u0159es negativn\u00ed br\u00fdle? Chyb\u00ed v\u00e1m inspirace, jak zm\u011bnit sv\u016fj \u017eivot k lep\u0161\u00edmu a b\u00fdt v\u00edc \u00fasp\u011b\u0161n\u00fd? Negativn\u00ed my\u0161len\u00ed pohlt\u00ed nejen v\u00e1\u0161 mozek, ale i cel\u00e9 t\u011blo, a potom v\u011b\u0159\u00edte v\u0161emu, co jste si do sv\u00e9ho vnitra podsunuli. \u017divot se s\u00e1m od sebe k lep\u0161\u00edmu nezm\u011bn\u00ed, kdy\u017e nebudete cht\u00edt. Hledejte ka\u017ed\u00fd den nov\u00e9 a pozitivn\u00ed c\u00edle. Nud\u00edte se? Tak pro\u010d si nevyraz\u00edte zab\u011bhat nebo na n\u00e1kupy? Pro\u010d si nedop\u0159ejte odpo\u010dinek, kdy\u017e se v\u00e1m zd\u00e1, \u017ee se top\u00edte v pr\u00e1ci a c\u00edt\u00edte unaven\u00ed? Pro\u010d se dokola roz\u010dilujete nad n\u011b\u010d\u00edm, co stejn\u011b nezm\u011bn\u00edte? Bu\u010fte osobnost, kter\u00e1 bere \u017eivot pozitivn\u011b. Pro\u010d d\u011blat n\u011bco, co nechcete? Nebav\u00ed v\u00e1s myt\u00ed n\u00e1dob\u00ed? P\u0159est\u00e1v\u00e1 v\u00e1s bavit i va\u0161e zam\u011bstn\u00e1n\u00ed? Nev\u00edte, jak tr\u00e1vit voln\u00fd \u010das? To v\u0161e jsou v\u011bci, kter\u00e9 nechcete d\u011blat proto, \u017ee v\u00e1m chyb\u00ed inspirace. P\u0159itom je v\u0161e, tak jednoduch\u00e9. Myt\u00ed n\u00e1dob\u00ed? Umyju ho, proto\u017ee budu m\u00edt \u010dist\u00fd st\u016fl. Nebav\u00ed mne pr\u00e1ce? Tak si na n\u00ed najdu pozitiva, jako nap\u0159\u00edklad to, \u017ee moje kolegyn\u011b mn\u011b v\u017edy rozesm\u011bje a pot\u011b\u0161\u00ed. Nev\u00edte, co ve voln\u00e9m \u010dase? Nav\u0161tivte vzd\u011bl\u00e1vac\u00ed kurzy agentury Motiv P.                                                                                                                                                                                                                                                                                                                                                                                                "},{"@context":"https:\/\/schema.org\/","@type":"BreadcrumbList","itemListElement":[{"@type":"ListItem","position":1,"name":"Nuda doma i v zam\u011bstn\u00e1n\u00ed?","item":"https:\/\/www.biboo.cz\/nuda-doma-i-v-zamestnani\/#breadcrumbitem"}]}]