[{"@context":"https:\/\/schema.org\/","@type":"Article","@id":"https:\/\/www.biboo.cz\/bezpecne-v-zime-na-horach\/#Article","mainEntityOfPage":"https:\/\/www.biboo.cz\/bezpecne-v-zime-na-horach\/","headline":"Bezpe\u010dn\u011b v zim\u011b na hor\u00e1ch","name":"Bezpe\u010dn\u011b v zim\u011b na hor\u00e1ch","description":"R\u00e1di cestujete a vyhled\u00e1v\u00e1te trochu extr\u00e9mn\u011bj\u0161\u00ed z\u00e1bavu ne\u017e je poleh\u00e1v\u00e1n\u00ed na pl\u00e1\u017ei? Co t\u0159eba hory a to nejen v l\u00e9t\u011b, ale i v tuh\u00e9 zim\u011b, je to n\u011bco, co v\u00e1s bav\u00ed? Pokud jste milovn\u00edci zimy, tak jist\u011b v\u00edte, \u017ee nejd\u016fle\u017eit\u011bj\u0161\u00ed je kvalitn\u00ed oble\u010den\u00ed a oble\u010den\u00ed vhodn\u011b vrstvit. V zim\u011b na hor\u00e1ch nen\u00ed probl\u00e9m jen se [&hellip;]","datePublished":"2023-02-23","dateModified":"2023-04-25","author":{"@type":"Person","@id":"https:\/\/www.biboo.cz\/author\/#Person","name":"","url":"https:\/\/www.biboo.cz\/author\/","identifier":1,"image":{"@type":"ImageObject","@id":"https:\/\/secure.gravatar.com\/avatar\/383247cd769f7ac317a5bcda943ec48a3c79d996598ae4564ec21a0e178126d1?s=96&d=mm&r=g","url":"https:\/\/secure.gravatar.com\/avatar\/383247cd769f7ac317a5bcda943ec48a3c79d996598ae4564ec21a0e178126d1?s=96&d=mm&r=g","height":96,"width":96}},"publisher":{"@type":"Organization","name":"biboo.cz","logo":{"@type":"ImageObject","@id":"\/logo.png","url":"\/logo.png","width":600,"height":60}},"image":{"@type":"ImageObject","@id":"https:\/\/www.biboo.cz\/wp-content\/uploads\/winter-hike-g11c85d948_640.jpg","url":"https:\/\/www.biboo.cz\/wp-content\/uploads\/winter-hike-g11c85d948_640.jpg","height":0,"width":0},"url":"https:\/\/www.biboo.cz\/bezpecne-v-zime-na-horach\/","about":["Produkty"],"wordCount":429,"articleBody":"       R\u00e1di cestujete a vyhled\u00e1v\u00e1te trochu extr\u00e9mn\u011bj\u0161\u00ed z\u00e1bavu ne\u017e je poleh\u00e1v\u00e1n\u00ed na pl\u00e1\u017ei? Co t\u0159eba hory a to nejen v l\u00e9t\u011b, ale i v tuh\u00e9 zim\u011b, je to n\u011bco, co v\u00e1s bav\u00ed? Pokud jste milovn\u00edci zimy, tak jist\u011b v\u00edte, \u017ee nejd\u016fle\u017eit\u011bj\u0161\u00ed je kvalitn\u00ed oble\u010den\u00ed a oble\u010den\u00ed vhodn\u011b vrstvit. V zim\u011b na hor\u00e1ch nen\u00ed probl\u00e9m jen se samotnou zimou, jako\u017ee n\u00edzk\u00fdmi teplotami, ale v\u011bt\u0161inou i s v\u011btrem, kter\u00fd zna\u010dn\u011b pocitovou teplotu sni\u017euje a tak\u00e9 se sn\u011b\u017een\u00edm. Vhodn\u00e9 oble\u010den\u00ed do takov\u00e9ho po\u010das\u00ed je t\u0159eba po\u0159\u00e1dn\u011b uv\u00e1\u017eit a rozhodn\u011b po\u010das\u00ed nepodce\u0148ovat.Nen\u00ed nic divn\u00e9ho, kdy\u017e si na sebe oble\u010dete i p\u011bt vrstev oble\u010den\u00ed. Po\u010d\u00ednaje spodn\u00edm termopr\u00e1dlem, tri\u010dkem s dlouh\u00fdm i kr\u00e1tk\u00fdm ruk\u00e1vem, mikinou a bundou s nepromokav\u00fdm povrchem na z\u00e1v\u011br. V\u0161echno toto oble\u010den\u00ed m\u016f\u017eete koupit od firmy Maloja, kter\u00e1 nab\u00edz\u00ed kompletn\u00ed nab\u00eddku outdoorov\u00e9ho oble\u010den\u00ed. Maloja oble\u010den\u00ed je v mnoha velikostech a mnoha barevn\u00fdch kombinac\u00edch. Vyberete si u nich oble\u010den\u00ed jak pro horskou turistiku, tak pro ly\u017eov\u00e1n\u00ed nebo cyklo vyj\u00ed\u017e\u010fky. Spr\u00e1vn\u00e9 oble\u010den\u00ed v\u00e1m n\u011bkdy doslova m\u016f\u017ee zachr\u00e1nit \u017eivot, proto\u017ee prochladnou za v\u011btrn\u00e9ho po\u010das\u00ed na hor\u00e1ch je ot\u00e1zkou chvilky a pokud ztrat\u00edte cestu a budete na t\u00fa\u0159e d\u00e9le ne\u017e jste pl\u00e1novali, dojde v\u00e1m tepl\u00fd \u010daj v termosce a t\u0159eba i zapadne slunce a vy budete nuceni zavolat si z\u00e1chranu horsk\u00e9 slu\u017eby, je p\u0159\u00edjemn\u00e9 b\u00fdt alespo\u0148 \u010d\u00e1ste\u010dn\u011b chr\u00e1n\u011bn\u00fd p\u0159ed nep\u0159\u00edzn\u00ed po\u010das\u00ed a ne promrznout v oble\u010den\u00ed, kter\u00e9 promokne a v\u00edtr je profoukne.M\u016f\u017eete m\u00edt r\u016fzn\u00e9 sny, t\u0159eba st\u00e1t celou noc n\u011bkde pod hv\u011bzdami za pol\u00e1rn\u00edm kruhem a koukat na pol\u00e1rn\u00ed z\u00e1\u0159i. Ale ani tu nejkr\u00e1sn\u011bj\u0161\u00ed pol\u00e1rn\u00ed z\u00e1\u0159i si nevychutn\u00e1te, pokud budete promrzl\u00ed na kost, tak\u017ee nepodce\u0148ujte oble\u010den\u00ed ani obuv a kdykoliv vyraz\u00edte do p\u0159\u00edrody, dob\u0159e zkontrolujte jak\u00e9 m\u00e1 b\u00fdt po\u010das\u00ed a p\u0159iberte v\u017edy rad\u011bji n\u011bco nav\u00edc ne\u017e abyste prochladli a litovali, \u017ee ta mikina, co z\u016fstala doma, by se v\u00e1m p\u0159ece jen hodila.                                                                                                                                                                                                                                                                                                                                                                                          4\/5 - (10 votes)        "},{"@context":"https:\/\/schema.org\/","@type":"BreadcrumbList","itemListElement":[{"@type":"ListItem","position":1,"name":"Bezpe\u010dn\u011b v zim\u011b na hor\u00e1ch","item":"https:\/\/www.biboo.cz\/bezpecne-v-zime-na-horach\/#breadcrumbitem"}]}]